{"id":2005,"date":"2019-06-17T16:24:27","date_gmt":"2019-06-17T19:24:27","guid":{"rendered":"http:\/\/www.alelu.com.br\/?p=2005"},"modified":"2019-06-17T16:39:08","modified_gmt":"2019-06-17T19:39:08","slug":"creche-canina","status":"publish","type":"post","link":"https:\/\/www.alelu.com.br\/en\/creche-canina\/","title":{"rendered":"Creche canina"},"content":{"rendered":"<h1><span style=\"color: #f18d00;\">Voc\u00ea conhece creche para c\u00e3es?<\/span><\/h1>\n<p style=\"text-align: center;\"><a href=\"https:\/\/i0.wp.com\/www.alelu.com.br\/wp-content\/uploads\/2019\/06\/DayCare1.jpg\"><img data-recalc-dims=\"1\" loading=\"lazy\" decoding=\"async\" data-attachment-id=\"2007\" data-permalink=\"https:\/\/www.alelu.com.br\/en\/creche-canina\/daycare1\/\" data-orig-file=\"https:\/\/i0.wp.com\/www.alelu.com.br\/wp-content\/uploads\/2019\/06\/DayCare1.jpg?fit=260%2C195&amp;ssl=1\" data-orig-size=\"260,195\" data-comments-opened=\"0\" data-image-meta=\"{&quot;aperture&quot;:&quot;0&quot;,&quot;credit&quot;:&quot;&quot;,&quot;camera&quot;:&quot;&quot;,&quot;caption&quot;:&quot;&quot;,&quot;created_timestamp&quot;:&quot;0&quot;,&quot;copyright&quot;:&quot;&quot;,&quot;focal_length&quot;:&quot;0&quot;,&quot;iso&quot;:&quot;0&quot;,&quot;shutter_speed&quot;:&quot;0&quot;,&quot;title&quot;:&quot;&quot;,&quot;orientation&quot;:&quot;0&quot;}\" data-image-title=\"DayCare1\" data-image-description=\"\" data-image-caption=\"\" data-medium-file=\"https:\/\/i0.wp.com\/www.alelu.com.br\/wp-content\/uploads\/2019\/06\/DayCare1.jpg?fit=260%2C195&amp;ssl=1\" data-large-file=\"https:\/\/i0.wp.com\/www.alelu.com.br\/wp-content\/uploads\/2019\/06\/DayCare1.jpg?fit=260%2C195&amp;ssl=1\" class=\"alignnone size-full wp-image-2007\" src=\"https:\/\/i0.wp.com\/www.alelu.com.br\/wp-content\/uploads\/2019\/06\/DayCare1.jpg?resize=260%2C195\" alt=\"\" width=\"260\" height=\"195\" \/><\/a><\/p>\n<p>Ainda desconhecido para muitos, a creche para cachorro (ou Day Care) tem o intuito de auxiliar os donos que, devido \u00e0 rotina de estudo e trabalho, s\u00e3o obrigados a deixarem seus pets sozinhos em casa, onde passam o dia sem supervis\u00e3o, sem hor\u00e1rio correto para se alimentar e com muito tempo ocioso, podendo acarretar problemas como:<\/p>\n<ul>\n<li>c\u00e3es estressados e tristes<\/li>\n<li>c\u00e3es ansiosos<\/li>\n<li>c\u00e3es solit\u00e1rios e n\u00e3o soci\u00e1veis<\/li>\n<li>c\u00e3es com algum transtorno alimentar devido a ansiedade.<\/li>\n<\/ul>\n<p>A creche para cachorro tamb\u00e9m \u00e9 uma alternativa para os donos que querem apenas que seus pets possam se socializar com outros c\u00e3es e gastarem a energia em forma de brincadeiras em um dia animado na companhia de novos amigos.<\/p>\n<p>As creches de animais possuem ambientes pr\u00f3prios para unir divers\u00e3o e socializa\u00e7\u00e3o. Os animais se divertem e se sentem \u00e0 vontade naqueles lugares ao mesmo tempo que entram em contato com humanos e outros animais.<\/p>\n<p>Algumas creches possuem a infraestrutura maior, com piscinas e campos para os animais brincarem soltos, enquanto outras s\u00e3o mais fechadas e com ambientes menores. Escolher a ideal vai de acordo com a necessidade do animal e de quanto o dono pode pagar.<\/p>\n<p><a href=\"https:\/\/i0.wp.com\/www.alelu.com.br\/wp-content\/uploads\/2019\/06\/DayCare2.jpg\"><img data-recalc-dims=\"1\" loading=\"lazy\" decoding=\"async\" data-attachment-id=\"2008\" data-permalink=\"https:\/\/www.alelu.com.br\/en\/creche-canina\/daycare2\/\" data-orig-file=\"https:\/\/i0.wp.com\/www.alelu.com.br\/wp-content\/uploads\/2019\/06\/DayCare2.jpg?fit=260%2C195&amp;ssl=1\" data-orig-size=\"260,195\" data-comments-opened=\"0\" data-image-meta=\"{&quot;aperture&quot;:&quot;0&quot;,&quot;credit&quot;:&quot;&quot;,&quot;camera&quot;:&quot;&quot;,&quot;caption&quot;:&quot;&quot;,&quot;created_timestamp&quot;:&quot;0&quot;,&quot;copyright&quot;:&quot;&quot;,&quot;focal_length&quot;:&quot;0&quot;,&quot;iso&quot;:&quot;0&quot;,&quot;shutter_speed&quot;:&quot;0&quot;,&quot;title&quot;:&quot;&quot;,&quot;orientation&quot;:&quot;0&quot;}\" data-image-title=\"DayCare2\" data-image-description=\"\" data-image-caption=\"\" data-medium-file=\"https:\/\/i0.wp.com\/www.alelu.com.br\/wp-content\/uploads\/2019\/06\/DayCare2.jpg?fit=260%2C195&amp;ssl=1\" data-large-file=\"https:\/\/i0.wp.com\/www.alelu.com.br\/wp-content\/uploads\/2019\/06\/DayCare2.jpg?fit=260%2C195&amp;ssl=1\" class=\"size-full wp-image-2008 aligncenter\" src=\"https:\/\/i0.wp.com\/www.alelu.com.br\/wp-content\/uploads\/2019\/06\/DayCare2.jpg?resize=260%2C195\" alt=\"\" width=\"260\" height=\"195\" \/><\/a><\/p>\n<h3><span style=\"color: #f18d00;\">Socializa\u00e7\u00e3o<\/span><\/h3>\n<p>As creches s\u00e3o altamente recomendadas para o c\u00e3o ampliar sua capacidade de interagir e se comunicar com outros c\u00e3es, diminuindo assim os riscos de se tornarem reativos e\/ou agressivos com outros c\u00e3es.<\/p>\n<h3><span style=\"color: #f18d00;\">Cuidados<\/span><\/h3>\n<p>Infelizmente, nem todo o animal \u00e9 apto a ficar em uma creche para animais, seja devido \u00e0 falta de socializa\u00e7\u00e3o, ou a necessidade de cuidados especiais que o local n\u00e3o oferece. Em qualquer que seja o caso, \u00e9 importante que o dono procure o Day Care de sua prefer\u00eancia, se informe das condi\u00e7\u00f5es e fa\u00e7a uma boa avalia\u00e7\u00e3o das necessidades.<\/p>\n<p>Levar um c\u00e3o arisco ou at\u00e9 agressivo para uma creche para animais pode ser um problema se n\u00e3o for feito com o maior cuidado poss\u00edvel. Antes de simplesmente deixar o bichinho l\u00e1, \u00e9 importante que o dono tente acompanhar uma reabilita\u00e7\u00e3o do animal para que tenha certeza que ele n\u00e3o causar\u00e1 problemas.<\/p>\n<p>Tamb\u00e9m \u00e9 necess\u00e1rio conversar com os administradores e veterin\u00e1rios presentes no local para saber de todas as possibilidades de ambientes e medidas de seguran\u00e7a que eles possuem, para o animalzinho ficar em seguran\u00e7a. \u00c0s vezes acaba sendo melhor op\u00e7\u00e3o deix\u00e1-lo em um simples hotel para animais, onde n\u00e3o existe um contato t\u00e3o direto com outros animais e humanos, e o bichinho vai se acostumando gradativamente a lidar com novos ambientes.<\/p>\n<h3><span style=\"color: #f18d00;\">Regras<\/span><\/h3>\n<p>Para que um c\u00e3o esteja apto a frequentar uma creche, alguns pontos precisam ser atendidos:<\/p>\n<ul>\n<li>Vacina\u00e7\u00e3o completa e atualizada, de acordo com os requisitos do local;<\/li>\n<li>Controle mensal de pulgas e carrapatos;<\/li>\n<li>Vermifuga\u00e7\u00e3o atualizada;<\/li>\n<li>Os machos devem ser castrados e as f\u00eameas n\u00e3o podem estar no per\u00edodo do cio;<\/li>\n<li>Filhotes s\u00f3 podem frequentar ap\u00f3s terem tomado todas as vacinas;<\/li>\n<li>O c\u00e3o precisa passar por uma avalia\u00e7\u00e3o f\u00edsica e comportamental.<\/li>\n<\/ul>\n<p>\u00c9 importante que se perceba que todo esse protocolo de seguran\u00e7a tem como objetivo garantir a sa\u00fade e a integridade f\u00edsica das pessoas e dos animais que frequentam o estabelecimento.<\/p>\n<h3><span style=\"color: #f18d00;\">Resultado<\/span><\/h3>\n<p>O Day Care permite que o animal fique mais livre e se divirta com jogos e outros animais. Os profissionais que atuam nessas creches ensinam truques e brincadeiras para os bichinhos que os donos podem tentar reproduzir depois. Isso desperta o interesse do animal e desenvolve sua intelig\u00eancia.<\/p>\n<p>O dono se sente mais feliz por deixar o animal em uma creche de confian\u00e7a, pois sabe que ele ser\u00e1 alimentado e tratado da maneira correta.\u00a0 O c\u00e3o, por sua vez, gasta suas energias, e volta pra casa mais cansado e relaxado.<\/p>\n<p style=\"text-align: center;\"><a href=\"https:\/\/i0.wp.com\/www.alelu.com.br\/wp-content\/uploads\/2019\/06\/DayCare3.jpg\"><img data-recalc-dims=\"1\" loading=\"lazy\" decoding=\"async\" data-attachment-id=\"2010\" data-permalink=\"https:\/\/www.alelu.com.br\/en\/creche-canina\/daycare3\/\" data-orig-file=\"https:\/\/i0.wp.com\/www.alelu.com.br\/wp-content\/uploads\/2019\/06\/DayCare3.jpg?fit=260%2C195&amp;ssl=1\" data-orig-size=\"260,195\" data-comments-opened=\"0\" data-image-meta=\"{&quot;aperture&quot;:&quot;0&quot;,&quot;credit&quot;:&quot;&quot;,&quot;camera&quot;:&quot;&quot;,&quot;caption&quot;:&quot;&quot;,&quot;created_timestamp&quot;:&quot;0&quot;,&quot;copyright&quot;:&quot;&quot;,&quot;focal_length&quot;:&quot;0&quot;,&quot;iso&quot;:&quot;0&quot;,&quot;shutter_speed&quot;:&quot;0&quot;,&quot;title&quot;:&quot;&quot;,&quot;orientation&quot;:&quot;0&quot;}\" data-image-title=\"DayCare3\" data-image-description=\"\" data-image-caption=\"\" data-medium-file=\"https:\/\/i0.wp.com\/www.alelu.com.br\/wp-content\/uploads\/2019\/06\/DayCare3.jpg?fit=260%2C195&amp;ssl=1\" data-large-file=\"https:\/\/i0.wp.com\/www.alelu.com.br\/wp-content\/uploads\/2019\/06\/DayCare3.jpg?fit=260%2C195&amp;ssl=1\" class=\"alignnone size-full wp-image-2010\" src=\"https:\/\/i0.wp.com\/www.alelu.com.br\/wp-content\/uploads\/2019\/06\/DayCare3.jpg?resize=260%2C195\" alt=\"\" width=\"260\" height=\"195\" \/><\/a><\/p>\n<hr \/>\n<p>A <strong><span style=\"color: #f18d00;\">Alelu Canine Education<\/span><\/strong> recomenda <strong><span style=\"color: #f18d00;\">Dogcare Hotel e Daycare<\/span><\/strong>: <a href=\"http:\/\/www.dogcarehotel.com.br\">www.dogcarehotel.com.br<\/a><\/p>","protected":false},"excerpt":{"rendered":"<p>Voc\u00ea conhece creche para c\u00e3es? Ainda desconhecido para muitos, a creche para cachorro (ou Day Care) tem o intuito de auxiliar os donos que, devido \u00e0 rotina de estudo e trabalho, s\u00e3o obrigados a deixarem seus pets sozinhos em casa, onde passam o dia sem supervis\u00e3o, sem hor\u00e1rio correto para se alimentar e com muito&hellip; <a href=\"https:\/\/www.alelu.com.br\/en\/creche-canina\/\" class=\"more-link\">Continue reading <span class=\"screen-reader-text\">Creche canina<\/span><\/a><\/p>","protected":false},"author":1,"featured_media":0,"comment_status":"closed","ping_status":"closed","sticky":false,"template":"","format":"standard","meta":{"_eb_attr":"","_jetpack_memberships_contains_paid_content":false,"footnotes":"","jetpack_publicize_message":"","jetpack_publicize_feature_enabled":true,"jetpack_social_post_already_shared":true,"jetpack_social_options":{"image_generator_settings":{"template":"highway","default_image_id":0,"font":"","enabled":false},"version":2}},"categories":[27],"tags":[],"class_list":["post-2005","post","type-post","status-publish","format-standard","hentry","category-dicas","without-featured-image"],"jetpack_publicize_connections":[],"jetpack_featured_media_url":"","jetpack_sharing_enabled":true,"jetpack_shortlink":"https:\/\/wp.me\/pa0xBY-wl","_links":{"self":[{"href":"https:\/\/www.alelu.com.br\/en\/wp-json\/wp\/v2\/posts\/2005","targetHints":{"allow":["GET"]}}],"collection":[{"href":"https:\/\/www.alelu.com.br\/en\/wp-json\/wp\/v2\/posts"}],"about":[{"href":"https:\/\/www.alelu.com.br\/en\/wp-json\/wp\/v2\/types\/post"}],"author":[{"embeddable":true,"href":"https:\/\/www.alelu.com.br\/en\/wp-json\/wp\/v2\/users\/1"}],"replies":[{"embeddable":true,"href":"https:\/\/www.alelu.com.br\/en\/wp-json\/wp\/v2\/comments?post=2005"}],"version-history":[{"count":4,"href":"https:\/\/www.alelu.com.br\/en\/wp-json\/wp\/v2\/posts\/2005\/revisions"}],"predecessor-version":[{"id":2012,"href":"https:\/\/www.alelu.com.br\/en\/wp-json\/wp\/v2\/posts\/2005\/revisions\/2012"}],"wp:attachment":[{"href":"https:\/\/www.alelu.com.br\/en\/wp-json\/wp\/v2\/media?parent=2005"}],"wp:term":[{"taxonomy":"category","embeddable":true,"href":"https:\/\/www.alelu.com.br\/en\/wp-json\/wp\/v2\/categories?post=2005"},{"taxonomy":"post_tag","embeddable":true,"href":"https:\/\/www.alelu.com.br\/en\/wp-json\/wp\/v2\/tags?post=2005"}],"curies":[{"name":"wp","href":"https:\/\/api.w.org\/{rel}","templated":true}]}}