{"id":2002,"date":"2019-06-10T15:28:54","date_gmt":"2019-06-10T18:28:54","guid":{"rendered":"http:\/\/www.alelu.com.br\/?p=2002"},"modified":"2019-06-10T15:28:54","modified_gmt":"2019-06-10T18:28:54","slug":"caes-no-inverno","status":"publish","type":"post","link":"https:\/\/www.alelu.com.br\/en\/caes-no-inverno\/","title":{"rendered":"C\u00e3es no inverno"},"content":{"rendered":"<h1><span style=\"color: #f18d00;\">Cuidados com os c\u00e3es no inverno<\/span><\/h1>\n<p>Quando come\u00e7a o per\u00edodo de frio, muitas pessoas n\u00e3o sabem qual a melhor forma de manter o animal saud\u00e1vel e quentinho. H\u00e1 d\u00favidas quanto \u00e0 caminha, aos pelos e aos cuidados para evitar certos problemas de sa\u00fade. Afinal, \u00e9 importante sempre estar atento para o conforto do pet, principalmente quando a temperatura cai muito.<\/p>\n<p>Em um pa\u00eds como o Brasil &#8211; que n\u00e3o costuma fazer um frio t\u00e3o brusco &#8211; a adapta\u00e7\u00e3o do animal pode ser tranquila. Mas isso n\u00e3o impede que ele sinta falta de um cobertorzinho a mais ou de uma caminha que o acolha, principalmente quando anoitece e os term\u00f4metros marcam n\u00fameros ainda mais baixos.<\/p>\n<h3><span style=\"color: #f18d00;\">Banho<\/span><\/h3>\n<p>Diminua a frequ\u00eancia de banhos no inverno. Al\u00e9m disso, \u00e9 importante tomar cuidado com o choque t\u00e9rmico que o bichinho pode sofrer. Se ele sair da \u00e1gua quente direto para o ar gelado pode ser prejudicado. Isso inclui esperar um certo tempo at\u00e9 lev\u00e1-lo para passear ao ar livre.<\/p>\n<p>A dica aqui \u00e9 deixar a \u00e1gua morna e assim que retir\u00e1-lo do banho seque-o rapidamente. Ele jamais deve permanecer molhado por muito tempo, principalmente na regi\u00e3o das orelhas. Usar um secador para ajudar nesse trabalho \u00e9 bastante indicado, desde que a temperatura dele esteja controlada e n\u00e3o queime a pele do animal.<\/p>\n<h3><span style=\"color: #f18d00;\">Doen\u00e7as<\/span><\/h3>\n<p>As pneumonias s\u00e3o mais comuns no inverno e nos gatos e c\u00e3es elas podem ser bacterianas, o que \u00e9 ainda mais grave. Esteja com as vacinas sempre em dia e evite aglomera\u00e7\u00f5es com grande quantidade de animais. No frio \u00e9 mais comum contrair traqueobronquite infecciosa canina, conhecida tamb\u00e9m como tosse dos canis. A doen\u00e7a \u00e9 altamente contagiosa e \u00e9 mais perigosa para animais idosos ou filhotes. Para passear, prefira os hor\u00e1rios com mais sol.<\/p>\n<h3><span style=\"color: #f18d00;\">O c\u00e3o est\u00e1 com frio?<\/span><\/h3>\n<p>Se o c\u00e3o n\u00e3o for t\u00e3o peludo o tutor pode colocar uma roupinha nele &#8211; desde que o animal se adapte bem ao acess\u00f3rio e que n\u00e3o seja mais uma daquelas fantasias que s\u00f3 incomodam. Caso ele n\u00e3o aceite, n\u00e3o \u00e9 para insistir. As cobertas pr\u00f3prias para eles podem ajudar muito tamb\u00e9m, basta colocar na casinha ou caminha do c\u00e3o.<\/p>\n<p>Lembre-se que animais que est\u00e3o em constante movimento e fazendo exerc\u00edcios n\u00e3o precisam de roupas.<\/p>\n<h3><span style=\"color: #f18d00;\">Devo passear?<\/span><\/h3>\n<p>Se for um dia chuvoso, o ideal \u00e9 n\u00e3o levar o c\u00e3o para passear, mesmo que ele seja daqueles acostumados a sair diariamente. A chance de o c\u00e3o ficar todo molhado \u00e9 grande e o tutor n\u00e3o vai querer um c\u00e3ozinho doente depois. O mais indicado \u00e9 sair em dias ensolarados e um pouco mais quentes.<\/p>\n<h3><span style=\"color: #f18d00;\">Mais frio, menos comida<\/span><\/h3>\n<p>Os animais tamb\u00e9m se comportam como n\u00f3s nos dias frios: ficam mais pregui\u00e7osos e a tend\u00eancia \u00e9 ficarem o dia todo na cama. Al\u00e9m de n\u00e3o quererem se mexer muito, h\u00e1 o agravante de que os c\u00e3es costumam comer menos. \u00c9 bom ficar atento se o bichinho est\u00e1 se alimentando adequadamente, especialmente quando eles s\u00e3o idosos ou filhotes.<\/p>\n<p>Dar comida gelada para o c\u00e3o tamb\u00e9m n\u00e3o \u00e9 recomendado. Se normalmente a comida fica na geladeira depois de aberta, \u00e9 bom retir\u00e1-la horas antes das refei\u00e7\u00f5es para evitar que os c\u00e3es fiquem resfriados.<\/p>\n<h3><span style=\"color: #f18d00;\">Cobertor<\/span><\/h3>\n<p>Observe como est\u00e3o as mantinhas do seu c\u00e3o para evitar que a umidade cause mofo ou outras contamina\u00e7\u00f5es. Isso pode deix\u00e1-lo doente e fragilizado. Sempre que o sol aparecer, coloque tudo sob o sol para garantir a higiene dos mesmos.<\/p>\n<h3><span style=\"color: #f18d00;\">Tosa<\/span><\/h3>\n<p>Se o c\u00e3ozinho faz atividades regulares e n\u00e3o tem problemas de sa\u00fade, mantenha a rotina da tosa. No caso de c\u00e3es muito idosos ou que ficam ao relento, aproveite a prote\u00e7\u00e3o natural do animal e evite tosas muito baixas.<\/p>","protected":false},"excerpt":{"rendered":"<p>Cuidados com os c\u00e3es no inverno Quando come\u00e7a o per\u00edodo de frio, muitas pessoas n\u00e3o sabem qual a melhor forma de manter o animal saud\u00e1vel e quentinho. H\u00e1 d\u00favidas quanto \u00e0 caminha, aos pelos e aos cuidados para evitar certos problemas de sa\u00fade. Afinal, \u00e9 importante sempre estar atento para o conforto do pet, principalmente&hellip; <a href=\"https:\/\/www.alelu.com.br\/en\/caes-no-inverno\/\" class=\"more-link\">Continue reading <span class=\"screen-reader-text\">C\u00e3es no inverno<\/span><\/a><\/p>","protected":false},"author":1,"featured_media":0,"comment_status":"closed","ping_status":"closed","sticky":false,"template":"","format":"standard","meta":{"_eb_attr":"","_jetpack_memberships_contains_paid_content":false,"footnotes":"","jetpack_publicize_message":"","jetpack_publicize_feature_enabled":true,"jetpack_social_post_already_shared":true,"jetpack_social_options":{"image_generator_settings":{"template":"highway","default_image_id":0,"font":"","enabled":false},"version":2}},"categories":[27],"tags":[],"class_list":["post-2002","post","type-post","status-publish","format-standard","hentry","category-dicas","without-featured-image"],"jetpack_publicize_connections":[],"jetpack_featured_media_url":"","jetpack_sharing_enabled":true,"jetpack_shortlink":"https:\/\/wp.me\/pa0xBY-wi","_links":{"self":[{"href":"https:\/\/www.alelu.com.br\/en\/wp-json\/wp\/v2\/posts\/2002","targetHints":{"allow":["GET"]}}],"collection":[{"href":"https:\/\/www.alelu.com.br\/en\/wp-json\/wp\/v2\/posts"}],"about":[{"href":"https:\/\/www.alelu.com.br\/en\/wp-json\/wp\/v2\/types\/post"}],"author":[{"embeddable":true,"href":"https:\/\/www.alelu.com.br\/en\/wp-json\/wp\/v2\/users\/1"}],"replies":[{"embeddable":true,"href":"https:\/\/www.alelu.com.br\/en\/wp-json\/wp\/v2\/comments?post=2002"}],"version-history":[{"count":1,"href":"https:\/\/www.alelu.com.br\/en\/wp-json\/wp\/v2\/posts\/2002\/revisions"}],"predecessor-version":[{"id":2003,"href":"https:\/\/www.alelu.com.br\/en\/wp-json\/wp\/v2\/posts\/2002\/revisions\/2003"}],"wp:attachment":[{"href":"https:\/\/www.alelu.com.br\/en\/wp-json\/wp\/v2\/media?parent=2002"}],"wp:term":[{"taxonomy":"category","embeddable":true,"href":"https:\/\/www.alelu.com.br\/en\/wp-json\/wp\/v2\/categories?post=2002"},{"taxonomy":"post_tag","embeddable":true,"href":"https:\/\/www.alelu.com.br\/en\/wp-json\/wp\/v2\/tags?post=2002"}],"curies":[{"name":"wp","href":"https:\/\/api.w.org\/{rel}","templated":true}]}}