{"id":1734,"date":"2019-04-23T16:44:24","date_gmt":"2019-04-23T19:44:24","guid":{"rendered":"http:\/\/www.alelu.com.br\/?p=1734"},"modified":"2019-04-23T16:46:49","modified_gmt":"2019-04-23T19:46:49","slug":"puberdade","status":"publish","type":"post","link":"https:\/\/www.alelu.com.br\/en\/puberdade\/","title":{"rendered":"Puberdade, Cio e Gesta\u00e7\u00e3o Canina"},"content":{"rendered":"<h1>Voc\u00ea conhece as fases da gesta\u00e7\u00e3o canina?<\/h1>\n<p>A puberdade da f\u00eamea canina sofre a influ\u00eancia da ra\u00e7a e do tamanho, por\u00e9m ocorre normalmente entre os 6 e os 12 meses de idade. \u00c9 nessa \u00e9poca que voc\u00ea observar\u00e1 o primeiro cio.<\/p>\n<p>A atividade reprodutiva de uma cadela pode ir at\u00e9 8 ou 10 anos de idade. No per\u00edodo que antecede o cio, s\u00e3o observadas, em condi\u00e7\u00f5es normais, altera\u00e7\u00f5es como inquieta\u00e7\u00e3o, descarga vaginal com sangue, vulva edemaciada e uma forte atra\u00e7\u00e3o do macho pela f\u00eamea. Esta fase dura de 7 a 10 dias e nesse per\u00edodo a f\u00eamea ainda n\u00e3o aceita o macho.<\/p>\n<p>Alguns dias ap\u00f3s essa fase de sangramento, a cadela encontra-se realmente no cio e passa a aceitar o macho. Neste per\u00edodo a secre\u00e7\u00e3o com sangue diminui e passa a ser uma secre\u00e7\u00e3o com muco; o incha\u00e7o na vulva diminui e a f\u00eamea come\u00e7a a cortejar o parceiro. \u00c9 nessa fase que acontece o acasalamento.<\/p>\n<h3>Gesta\u00e7\u00e3o<\/h3>\n<p>A gesta\u00e7\u00e3o das f\u00eameas caninas dura de 58 a 65 dias. O acompanhamento m\u00e9dico \u00e9 fundamental.<\/p>\n<p>Ap\u00f3s 20 dias da cobertura, a f\u00eamea dever\u00e1 consultar-se com o veterin\u00e1rio para obter a confirma\u00e7\u00e3o da gesta\u00e7\u00e3o e fazer o acompanhamento at\u00e9 o parto.<\/p>\n<p>Como existe a possibilidade da cadela ser fecundada por v\u00e1rios machos diferentes ao longo do cio, \u00e9 importante mant\u00ea-la isolada se o acasalamento foi programado.<\/p>\n<h3>Parto<\/h3>\n<p>Normalmente antes do parto as f\u00eameas se isolam. S\u00e3o elas que ir\u00e3o determinar o local onde ir\u00e3o parir. Impor um local para ela ficar \u00e9 muito perigoso, pois pode fazer com que ela retarde o parto ou at\u00e9 mesmo mate seus filhotes.<\/p>\n<h3>Lacta\u00e7\u00e3o<\/h3>\n<p>A amamenta\u00e7\u00e3o dura em m\u00e9dia de 45 dias. O desmame natural come\u00e7a geralmente a partir da 4a semana. \u00c9 nessa fase tamb\u00e9m que os filhotes come\u00e7am a explorar o ambiente.<\/p>\n<p>No caso da f\u00eamea n\u00e3o possuir leite suficiente ou n\u00e3o ter leite, \u00e9 necess\u00e1rio suplementar os filhotes (Pet Milk, por exemplo).<\/p>","protected":false},"excerpt":{"rendered":"<p>Voc\u00ea conhece as fases da gesta\u00e7\u00e3o canina? A puberdade da f\u00eamea canina sofre a influ\u00eancia da ra\u00e7a e do tamanho, por\u00e9m ocorre normalmente entre os 6 e os 12 meses de idade. \u00c9 nessa \u00e9poca que voc\u00ea observar\u00e1 o primeiro cio. A atividade reprodutiva de uma cadela pode ir at\u00e9 8 ou 10 anos de&hellip; <a href=\"https:\/\/www.alelu.com.br\/en\/puberdade\/\" class=\"more-link\">Continue reading <span class=\"screen-reader-text\">Puberdade, Cio e Gesta\u00e7\u00e3o Canina<\/span><\/a><\/p>","protected":false},"author":1,"featured_media":0,"comment_status":"closed","ping_status":"closed","sticky":false,"template":"","format":"standard","meta":{"_eb_attr":"","_jetpack_memberships_contains_paid_content":false,"footnotes":"","jetpack_publicize_message":"","jetpack_publicize_feature_enabled":true,"jetpack_social_post_already_shared":true,"jetpack_social_options":{"image_generator_settings":{"template":"highway","default_image_id":0,"font":"","enabled":false},"version":2}},"categories":[27],"tags":[],"class_list":["post-1734","post","type-post","status-publish","format-standard","hentry","category-dicas","without-featured-image"],"jetpack_publicize_connections":[],"jetpack_featured_media_url":"","jetpack_sharing_enabled":true,"jetpack_shortlink":"https:\/\/wp.me\/pa0xBY-rY","_links":{"self":[{"href":"https:\/\/www.alelu.com.br\/en\/wp-json\/wp\/v2\/posts\/1734","targetHints":{"allow":["GET"]}}],"collection":[{"href":"https:\/\/www.alelu.com.br\/en\/wp-json\/wp\/v2\/posts"}],"about":[{"href":"https:\/\/www.alelu.com.br\/en\/wp-json\/wp\/v2\/types\/post"}],"author":[{"embeddable":true,"href":"https:\/\/www.alelu.com.br\/en\/wp-json\/wp\/v2\/users\/1"}],"replies":[{"embeddable":true,"href":"https:\/\/www.alelu.com.br\/en\/wp-json\/wp\/v2\/comments?post=1734"}],"version-history":[{"count":3,"href":"https:\/\/www.alelu.com.br\/en\/wp-json\/wp\/v2\/posts\/1734\/revisions"}],"predecessor-version":[{"id":1737,"href":"https:\/\/www.alelu.com.br\/en\/wp-json\/wp\/v2\/posts\/1734\/revisions\/1737"}],"wp:attachment":[{"href":"https:\/\/www.alelu.com.br\/en\/wp-json\/wp\/v2\/media?parent=1734"}],"wp:term":[{"taxonomy":"category","embeddable":true,"href":"https:\/\/www.alelu.com.br\/en\/wp-json\/wp\/v2\/categories?post=1734"},{"taxonomy":"post_tag","embeddable":true,"href":"https:\/\/www.alelu.com.br\/en\/wp-json\/wp\/v2\/tags?post=1734"}],"curies":[{"name":"wp","href":"https:\/\/api.w.org\/{rel}","templated":true}]}}