{"id":1726,"date":"2019-04-16T11:25:24","date_gmt":"2019-04-16T14:25:24","guid":{"rendered":"http:\/\/www.alelu.com.br\/?p=1726"},"modified":"2019-04-16T11:25:24","modified_gmt":"2019-04-16T14:25:24","slug":"idade-dos-caes","status":"publish","type":"post","link":"https:\/\/www.alelu.com.br\/en\/idade-dos-caes\/","title":{"rendered":"Idade dos c\u00e3es"},"content":{"rendered":"<h1>Como calcular a idade do cachorro?<\/h1>\n<p>Muita gente acredita que \u201cum ano humano\u201d equivale a sete anos de um cachorro, mas ser\u00e1 que isso \u00e9 mesmo verdade?<\/p>\n<p>Os c\u00e3es vivem consideravelmente menos do que n\u00f3s, infelizmente, e por esse motivo h\u00e1 d\u00e9cadas atribu\u00edmos esta estimativa dos sete anos, o que n\u00e3o passa de uma inverdade.<\/p>\n<p>Cachorros menores costumam viver mais e muitos especialistas defendem que isso acontece por n\u00e3o se desenvolverem\/ crescerem de forma t\u00e3o acelerada quanto os de porte grande ou gigante, \u201cpoupando\u201d seu organismo, em geral, e n\u00e3o sofrendo t\u00e3o drasticamente com a a\u00e7\u00e3o dos radicais livres (que envelhecem e destroem as c\u00e9lulas).<\/p>\n<p>Se compararmos cachorros e crian\u00e7as, os primeiros se desenvolvem f\u00edsica e psicologicamente muito mais r\u00e1pido. Enquanto uma crian\u00e7a de um ano est\u00e1 ensaiando os primeiros passos, um cachorro de um ano j\u00e1 \u00e9 maduro e apto, inclusive, para acasalar.<\/p>\n<p>Da mesma forma, enquanto um cachorro de 12 anos \u00e9 considerado um idoso, um adolescente da mesma idade ainda est\u00e1 descobrindo muitas coisas e formando sua personalidade.<\/p>\n<p>Estudos mais recentes sobre como devemos calcular a \u201cidade humana\u201d de nossos cachorros levam em considera\u00e7\u00e3o o porte, a ra\u00e7a, o peso quando adulto e a velocidade com que crescem.<\/p>\n<p>Existem v\u00e1rios crit\u00e9rios existentes para determinar essa idade. Veja abaixo um dos m\u00e9todos existentes:<\/p>\n<ul>\n<li>Cachorros de at\u00e9 9Kg (porte pequeno) devem ter seus dois primeiros anos multiplicados por 12,5, cachorros de 10 a 23Kg devem ter seus dois primeiros anos de vida multiplicados por 10,5 e cachorros grandes (que pesam mais que 24Kg) devem ter os dois primeiros anos multiplicados por nove.<\/li>\n<li>A partir do terceiro ano dos c\u00e3es, a cada ano s\u00e3o acrescentados em m\u00e9dia 4,5 anos para c\u00e3es pequenos, 5 a 7 anos para c\u00e3es m\u00e9dios e 7 a 9 anos para cachorros de porte grande.<\/li>\n<\/ul>\n<p>Basta ent\u00e3o calcular e descobrir quanto a idade de seu cachorro equivaleria \u00e0 nossa idade.<\/p>\n<p>Pra facilitar, veja abaixo no quadro as idades dos c\u00e3es e a equival\u00eancia aproximada com as idades humanas.<\/p>\n<p><a href=\"https:\/\/i0.wp.com\/www.alelu.com.br\/wp-content\/uploads\/2019\/04\/Tabela-Idades.png\"><img data-recalc-dims=\"1\" loading=\"lazy\" decoding=\"async\" data-attachment-id=\"1727\" data-permalink=\"https:\/\/www.alelu.com.br\/en\/idade-dos-caes\/tabela-idades\/\" data-orig-file=\"https:\/\/i0.wp.com\/www.alelu.com.br\/wp-content\/uploads\/2019\/04\/Tabela-Idades.png?fit=956%2C538&amp;ssl=1\" data-orig-size=\"956,538\" data-comments-opened=\"0\" data-image-meta=\"{&quot;aperture&quot;:&quot;0&quot;,&quot;credit&quot;:&quot;&quot;,&quot;camera&quot;:&quot;&quot;,&quot;caption&quot;:&quot;&quot;,&quot;created_timestamp&quot;:&quot;0&quot;,&quot;copyright&quot;:&quot;&quot;,&quot;focal_length&quot;:&quot;0&quot;,&quot;iso&quot;:&quot;0&quot;,&quot;shutter_speed&quot;:&quot;0&quot;,&quot;title&quot;:&quot;&quot;,&quot;orientation&quot;:&quot;0&quot;}\" data-image-title=\"Tabela Idades\" data-image-description=\"\" data-image-caption=\"\" data-medium-file=\"https:\/\/i0.wp.com\/www.alelu.com.br\/wp-content\/uploads\/2019\/04\/Tabela-Idades.png?fit=300%2C169&amp;ssl=1\" data-large-file=\"https:\/\/i0.wp.com\/www.alelu.com.br\/wp-content\/uploads\/2019\/04\/Tabela-Idades.png?fit=825%2C464&amp;ssl=1\" class=\"aligncenter wp-image-1727 size-full\" src=\"https:\/\/i0.wp.com\/www.alelu.com.br\/wp-content\/uploads\/2019\/04\/Tabela-Idades.png?resize=825%2C464\" alt=\"\" width=\"825\" height=\"464\" srcset=\"https:\/\/i0.wp.com\/www.alelu.com.br\/wp-content\/uploads\/2019\/04\/Tabela-Idades.png?w=956&amp;ssl=1 956w, https:\/\/i0.wp.com\/www.alelu.com.br\/wp-content\/uploads\/2019\/04\/Tabela-Idades.png?resize=300%2C169&amp;ssl=1 300w, https:\/\/i0.wp.com\/www.alelu.com.br\/wp-content\/uploads\/2019\/04\/Tabela-Idades.png?resize=768%2C432&amp;ssl=1 768w, https:\/\/i0.wp.com\/www.alelu.com.br\/wp-content\/uploads\/2019\/04\/Tabela-Idades.png?resize=624%2C351&amp;ssl=1 624w\" sizes=\"auto, (max-width: 825px) 100vw, 825px\" \/><\/a><\/p>","protected":false},"excerpt":{"rendered":"<p>Como calcular a idade do cachorro? Muita gente acredita que \u201cum ano humano\u201d equivale a sete anos de um cachorro, mas ser\u00e1 que isso \u00e9 mesmo verdade? Os c\u00e3es vivem consideravelmente menos do que n\u00f3s, infelizmente, e por esse motivo h\u00e1 d\u00e9cadas atribu\u00edmos esta estimativa dos sete anos, o que n\u00e3o passa de uma inverdade.&hellip; <a href=\"https:\/\/www.alelu.com.br\/en\/idade-dos-caes\/\" class=\"more-link\">Continue reading <span class=\"screen-reader-text\">Idade dos c\u00e3es<\/span><\/a><\/p>","protected":false},"author":1,"featured_media":0,"comment_status":"closed","ping_status":"closed","sticky":false,"template":"","format":"standard","meta":{"_eb_attr":"","_jetpack_memberships_contains_paid_content":false,"footnotes":"","jetpack_publicize_message":"","jetpack_publicize_feature_enabled":true,"jetpack_social_post_already_shared":true,"jetpack_social_options":{"image_generator_settings":{"template":"highway","default_image_id":0,"font":"","enabled":false},"version":2}},"categories":[27],"tags":[],"class_list":["post-1726","post","type-post","status-publish","format-standard","hentry","category-dicas","without-featured-image"],"jetpack_publicize_connections":[],"jetpack_featured_media_url":"","jetpack_sharing_enabled":true,"jetpack_shortlink":"https:\/\/wp.me\/pa0xBY-rQ","_links":{"self":[{"href":"https:\/\/www.alelu.com.br\/en\/wp-json\/wp\/v2\/posts\/1726","targetHints":{"allow":["GET"]}}],"collection":[{"href":"https:\/\/www.alelu.com.br\/en\/wp-json\/wp\/v2\/posts"}],"about":[{"href":"https:\/\/www.alelu.com.br\/en\/wp-json\/wp\/v2\/types\/post"}],"author":[{"embeddable":true,"href":"https:\/\/www.alelu.com.br\/en\/wp-json\/wp\/v2\/users\/1"}],"replies":[{"embeddable":true,"href":"https:\/\/www.alelu.com.br\/en\/wp-json\/wp\/v2\/comments?post=1726"}],"version-history":[{"count":1,"href":"https:\/\/www.alelu.com.br\/en\/wp-json\/wp\/v2\/posts\/1726\/revisions"}],"predecessor-version":[{"id":1728,"href":"https:\/\/www.alelu.com.br\/en\/wp-json\/wp\/v2\/posts\/1726\/revisions\/1728"}],"wp:attachment":[{"href":"https:\/\/www.alelu.com.br\/en\/wp-json\/wp\/v2\/media?parent=1726"}],"wp:term":[{"taxonomy":"category","embeddable":true,"href":"https:\/\/www.alelu.com.br\/en\/wp-json\/wp\/v2\/categories?post=1726"},{"taxonomy":"post_tag","embeddable":true,"href":"https:\/\/www.alelu.com.br\/en\/wp-json\/wp\/v2\/tags?post=1726"}],"curies":[{"name":"wp","href":"https:\/\/api.w.org\/{rel}","templated":true}]}}