{"id":1685,"date":"2019-03-22T11:39:47","date_gmt":"2019-03-22T14:39:47","guid":{"rendered":"http:\/\/www.alelu.com.br\/?p=1685"},"modified":"2019-03-22T11:39:47","modified_gmt":"2019-03-22T14:39:47","slug":"daycare","status":"publish","type":"post","link":"https:\/\/www.alelu.com.br\/en\/daycare\/","title":{"rendered":"Voc\u00ea conhece o daycare para cachorro?"},"content":{"rendered":"<h1><span style=\"color: #f18d00;\">Creche para cachorro<\/span><\/h1>\n<p>O <span style=\"color: #f18d00;\"><strong>daycare<\/strong><\/span>, ou <span style=\"color: #f18d00;\">creche para cachorro<\/span>, \u00e9 uma \u00f3tima forma de preven\u00e7\u00e3o e reabilita\u00e7\u00e3o de problemas de comportamento, al\u00e9m de ser um espa\u00e7o de conviv\u00eancia canina com supervis\u00e3o qualificada. Se voc\u00ea tem alguma dificuldade com a personalidade ou obedi\u00eancia de seu melhor amigo, este servi\u00e7o trar\u00e1 grandes benef\u00edcios, pois combina gasto de energia e socializa\u00e7\u00e3o.<\/p>\n<p>Os espa\u00e7os s\u00e3o planejados de acordo com o porte dos c\u00e3es potencializando o aproveitamento das atividades e a seguran\u00e7a dos mesmos. Existem momentos de integra\u00e7\u00e3o entre os diferentes portes e idades para manter as rela\u00e7\u00f5es e aprendizados diversificados expandindo a no\u00e7\u00e3o de respeito ao pr\u00f3ximo.<\/p>\n<p>A creche para c\u00e3es \u00e9 conhecida por ser a solu\u00e7\u00e3o para pessoas que trabalham o dia todo fora, mas ficam preocupados com seus c\u00e3es sozinhos em casa, ou que ainda n\u00e3o conseguem dar toda a aten\u00e7\u00e3o que gostariam a seu peludo. L\u00e1 eles podem correr livres, brincar e aprender.<\/p>\n<p>Outra vantagem \u00e9 que a frequ\u00eancia da creche canina favorece a adapta\u00e7\u00e3o de seu c\u00e3o durante o per\u00edodo de hospedagem para cachorro. Ele j\u00e1 conhece seus colegas, a rotina e a equipe e ent\u00e3o voc\u00ea pode viajar mais tranquilo.<\/p>\n<p><span style=\"color: #f18d00;\">Indica\u00e7\u00f5es<\/span> and <span style=\"color: #f18d00;\">benef\u00edcios<\/span> da creche para cachorro: gasto de energia, reduzir comportamento destrutivo e ansiedade generalizada, prevenir agressividade, evitar s\u00edndrome de ansiedade de separa\u00e7\u00e3o, corrigir comportamentos compulsivos, latidos excessivos e diversos outros desvios de comportamento.<\/p>\n<p>Mas aten\u00e7\u00e3o: muitas creches n\u00e3o possui um bom <span style=\"color: #f18d00;\">protocolo de entrada<\/span>! Isso significa que os c\u00e3es n\u00e3o s\u00e3o avaliados (vacinas, anti-parasit\u00e1rios, comportamento, etc.), o que pode parecer algo bom no in\u00edcio (pois n\u00e3o existem tantos pr\u00e9-requisitos para voc\u00ea deixar seu pet), no entanto, seu c\u00e3o poder\u00e1 ter contato com um animal doente.<\/p>\n<p>A Alelu Educa\u00e7\u00e3o Canina recomenda o<strong><span style=\"color: #f18d00;\"> Dogcare Creche e Daycare<\/span><\/strong> (<a href=\"http:\/\/www.dogcarehotel.com.br\/\">http:\/\/www.dogcarehotel.com.br\/<\/a>). Com mais de 1.000m2 de \u00e1rea e com equipe devidamente capacitada, o Dogcare traz um novo conceito sobre o universo canino para <span style=\"color: #f18d00;\">Campinas e regi\u00e3o.<\/span> Toda a estrutura foi pensada e projetada para oferecer conforto, seguran\u00e7a e muita divers\u00e3o para os c\u00e3es!<\/p>\n<figure id=\"attachment_1686\" aria-describedby=\"caption-attachment-1686\" style=\"width: 301px\" class=\"wp-caption aligncenter\"><a href=\"https:\/\/i0.wp.com\/www.alelu.com.br\/wp-content\/uploads\/2019\/03\/1.jpg\"><img data-recalc-dims=\"1\" loading=\"lazy\" decoding=\"async\" data-attachment-id=\"1686\" data-permalink=\"https:\/\/www.alelu.com.br\/en\/daycare\/1-2\/\" data-orig-file=\"https:\/\/i0.wp.com\/www.alelu.com.br\/wp-content\/uploads\/2019\/03\/1.jpg?fit=366%2C280&amp;ssl=1\" data-orig-size=\"366,280\" data-comments-opened=\"0\" data-image-meta=\"{&quot;aperture&quot;:&quot;0&quot;,&quot;credit&quot;:&quot;Alessandro Lima&quot;,&quot;camera&quot;:&quot;&quot;,&quot;caption&quot;:&quot;&quot;,&quot;created_timestamp&quot;:&quot;1553253839&quot;,&quot;copyright&quot;:&quot;&quot;,&quot;focal_length&quot;:&quot;0&quot;,&quot;iso&quot;:&quot;0&quot;,&quot;shutter_speed&quot;:&quot;0&quot;,&quot;title&quot;:&quot;&quot;,&quot;orientation&quot;:&quot;0&quot;}\" data-image-title=\"1\" data-image-description=\"\" data-image-caption=\"\" data-medium-file=\"https:\/\/i0.wp.com\/www.alelu.com.br\/wp-content\/uploads\/2019\/03\/1.jpg?fit=300%2C230&amp;ssl=1\" data-large-file=\"https:\/\/i0.wp.com\/www.alelu.com.br\/wp-content\/uploads\/2019\/03\/1.jpg?fit=366%2C280&amp;ssl=1\" class=\"wp-image-1686\" src=\"https:\/\/i0.wp.com\/www.alelu.com.br\/wp-content\/uploads\/2019\/03\/1.jpg?resize=301%2C230\" alt=\"\" width=\"301\" height=\"230\" srcset=\"https:\/\/i0.wp.com\/www.alelu.com.br\/wp-content\/uploads\/2019\/03\/1.jpg?w=366&amp;ssl=1 366w, https:\/\/i0.wp.com\/www.alelu.com.br\/wp-content\/uploads\/2019\/03\/1.jpg?resize=300%2C230&amp;ssl=1 300w\" sizes=\"auto, (max-width: 301px) 100vw, 301px\" \/><\/a><figcaption id=\"caption-attachment-1686\" class=\"wp-caption-text\">Dogcare<\/figcaption><\/figure>\n<figure id=\"attachment_1687\" aria-describedby=\"caption-attachment-1687\" style=\"width: 300px\" class=\"wp-caption aligncenter\"><a href=\"https:\/\/i0.wp.com\/www.alelu.com.br\/wp-content\/uploads\/2019\/03\/2.jpg\"><img data-recalc-dims=\"1\" loading=\"lazy\" decoding=\"async\" data-attachment-id=\"1687\" data-permalink=\"https:\/\/www.alelu.com.br\/en\/daycare\/2-3\/\" data-orig-file=\"https:\/\/i0.wp.com\/www.alelu.com.br\/wp-content\/uploads\/2019\/03\/2.jpg?fit=369%2C280&amp;ssl=1\" data-orig-size=\"369,280\" data-comments-opened=\"0\" data-image-meta=\"{&quot;aperture&quot;:&quot;0&quot;,&quot;credit&quot;:&quot;Alessandro Lima&quot;,&quot;camera&quot;:&quot;&quot;,&quot;caption&quot;:&quot;&quot;,&quot;created_timestamp&quot;:&quot;1553253850&quot;,&quot;copyright&quot;:&quot;&quot;,&quot;focal_length&quot;:&quot;0&quot;,&quot;iso&quot;:&quot;0&quot;,&quot;shutter_speed&quot;:&quot;0&quot;,&quot;title&quot;:&quot;&quot;,&quot;orientation&quot;:&quot;0&quot;}\" data-image-title=\"2\" data-image-description=\"\" data-image-caption=\"\" data-medium-file=\"https:\/\/i0.wp.com\/www.alelu.com.br\/wp-content\/uploads\/2019\/03\/2.jpg?fit=300%2C228&amp;ssl=1\" data-large-file=\"https:\/\/i0.wp.com\/www.alelu.com.br\/wp-content\/uploads\/2019\/03\/2.jpg?fit=369%2C280&amp;ssl=1\" class=\"wp-image-1687\" src=\"https:\/\/i0.wp.com\/www.alelu.com.br\/wp-content\/uploads\/2019\/03\/2.jpg?resize=300%2C228\" alt=\"\" width=\"300\" height=\"228\" srcset=\"https:\/\/i0.wp.com\/www.alelu.com.br\/wp-content\/uploads\/2019\/03\/2.jpg?w=369&amp;ssl=1 369w, https:\/\/i0.wp.com\/www.alelu.com.br\/wp-content\/uploads\/2019\/03\/2.jpg?resize=300%2C228&amp;ssl=1 300w\" sizes=\"auto, (max-width: 300px) 100vw, 300px\" \/><\/a><figcaption id=\"caption-attachment-1687\" class=\"wp-caption-text\">Apartamentos<\/figcaption><\/figure>\n<figure id=\"attachment_1688\" aria-describedby=\"caption-attachment-1688\" style=\"width: 300px\" class=\"wp-caption aligncenter\"><a href=\"https:\/\/i0.wp.com\/www.alelu.com.br\/wp-content\/uploads\/2019\/03\/3.jpg\"><img data-recalc-dims=\"1\" loading=\"lazy\" decoding=\"async\" data-attachment-id=\"1688\" data-permalink=\"https:\/\/www.alelu.com.br\/en\/daycare\/3-2\/\" data-orig-file=\"https:\/\/i0.wp.com\/www.alelu.com.br\/wp-content\/uploads\/2019\/03\/3.jpg?fit=369%2C276&amp;ssl=1\" data-orig-size=\"369,276\" data-comments-opened=\"0\" data-image-meta=\"{&quot;aperture&quot;:&quot;0&quot;,&quot;credit&quot;:&quot;Alessandro Lima&quot;,&quot;camera&quot;:&quot;&quot;,&quot;caption&quot;:&quot;&quot;,&quot;created_timestamp&quot;:&quot;1553253863&quot;,&quot;copyright&quot;:&quot;&quot;,&quot;focal_length&quot;:&quot;0&quot;,&quot;iso&quot;:&quot;0&quot;,&quot;shutter_speed&quot;:&quot;0&quot;,&quot;title&quot;:&quot;&quot;,&quot;orientation&quot;:&quot;0&quot;}\" data-image-title=\"3\" data-image-description=\"\" data-image-caption=\"\" data-medium-file=\"https:\/\/i0.wp.com\/www.alelu.com.br\/wp-content\/uploads\/2019\/03\/3.jpg?fit=300%2C224&amp;ssl=1\" data-large-file=\"https:\/\/i0.wp.com\/www.alelu.com.br\/wp-content\/uploads\/2019\/03\/3.jpg?fit=369%2C276&amp;ssl=1\" class=\"wp-image-1688\" src=\"https:\/\/i0.wp.com\/www.alelu.com.br\/wp-content\/uploads\/2019\/03\/3.jpg?resize=300%2C224\" alt=\"\" width=\"300\" height=\"224\" srcset=\"https:\/\/i0.wp.com\/www.alelu.com.br\/wp-content\/uploads\/2019\/03\/3.jpg?w=369&amp;ssl=1 369w, https:\/\/i0.wp.com\/www.alelu.com.br\/wp-content\/uploads\/2019\/03\/3.jpg?resize=300%2C224&amp;ssl=1 300w\" sizes=\"auto, (max-width: 300px) 100vw, 300px\" \/><\/a><figcaption id=\"caption-attachment-1688\" class=\"wp-caption-text\">Recrea\u00e7\u00e3o Externa<\/figcaption><\/figure>\n<figure id=\"attachment_1689\" aria-describedby=\"caption-attachment-1689\" style=\"width: 300px\" class=\"wp-caption aligncenter\"><a href=\"https:\/\/i0.wp.com\/www.alelu.com.br\/wp-content\/uploads\/2019\/03\/4.jpg\"><img data-recalc-dims=\"1\" loading=\"lazy\" decoding=\"async\" data-attachment-id=\"1689\" data-permalink=\"https:\/\/www.alelu.com.br\/en\/daycare\/attachment\/4\/\" data-orig-file=\"https:\/\/i0.wp.com\/www.alelu.com.br\/wp-content\/uploads\/2019\/03\/4.jpg?fit=367%2C276&amp;ssl=1\" data-orig-size=\"367,276\" data-comments-opened=\"0\" data-image-meta=\"{&quot;aperture&quot;:&quot;0&quot;,&quot;credit&quot;:&quot;Alessandro Lima&quot;,&quot;camera&quot;:&quot;&quot;,&quot;caption&quot;:&quot;&quot;,&quot;created_timestamp&quot;:&quot;1553253872&quot;,&quot;copyright&quot;:&quot;&quot;,&quot;focal_length&quot;:&quot;0&quot;,&quot;iso&quot;:&quot;0&quot;,&quot;shutter_speed&quot;:&quot;0&quot;,&quot;title&quot;:&quot;&quot;,&quot;orientation&quot;:&quot;0&quot;}\" data-image-title=\"4\" data-image-description=\"\" data-image-caption=\"\" data-medium-file=\"https:\/\/i0.wp.com\/www.alelu.com.br\/wp-content\/uploads\/2019\/03\/4.jpg?fit=300%2C226&amp;ssl=1\" data-large-file=\"https:\/\/i0.wp.com\/www.alelu.com.br\/wp-content\/uploads\/2019\/03\/4.jpg?fit=367%2C276&amp;ssl=1\" class=\"wp-image-1689\" src=\"https:\/\/i0.wp.com\/www.alelu.com.br\/wp-content\/uploads\/2019\/03\/4.jpg?resize=300%2C226\" alt=\"\" width=\"300\" height=\"226\" srcset=\"https:\/\/i0.wp.com\/www.alelu.com.br\/wp-content\/uploads\/2019\/03\/4.jpg?w=367&amp;ssl=1 367w, https:\/\/i0.wp.com\/www.alelu.com.br\/wp-content\/uploads\/2019\/03\/4.jpg?resize=300%2C226&amp;ssl=1 300w\" sizes=\"auto, (max-width: 300px) 100vw, 300px\" \/><\/a><figcaption id=\"caption-attachment-1689\" class=\"wp-caption-text\">Recrea\u00e7\u00e3o Interna<\/figcaption><\/figure>","protected":false},"excerpt":{"rendered":"<p>Creche para cachorro O daycare, ou creche para cachorro, \u00e9 uma \u00f3tima forma de preven\u00e7\u00e3o e reabilita\u00e7\u00e3o de problemas de comportamento, al\u00e9m de ser um espa\u00e7o de conviv\u00eancia canina com supervis\u00e3o qualificada. Se voc\u00ea tem alguma dificuldade com a personalidade ou obedi\u00eancia de seu melhor amigo, este servi\u00e7o trar\u00e1 grandes benef\u00edcios, pois combina gasto de&hellip; <a href=\"https:\/\/www.alelu.com.br\/en\/daycare\/\" class=\"more-link\">Continue reading <span class=\"screen-reader-text\">Voc\u00ea conhece o daycare para cachorro?<\/span><\/a><\/p>","protected":false},"author":1,"featured_media":0,"comment_status":"closed","ping_status":"closed","sticky":false,"template":"","format":"standard","meta":{"_eb_attr":"","_jetpack_memberships_contains_paid_content":false,"footnotes":"","jetpack_publicize_message":"","jetpack_publicize_feature_enabled":true,"jetpack_social_post_already_shared":true,"jetpack_social_options":{"image_generator_settings":{"template":"highway","default_image_id":0,"font":"","enabled":false},"version":2}},"categories":[27],"tags":[],"class_list":["post-1685","post","type-post","status-publish","format-standard","hentry","category-dicas","without-featured-image"],"jetpack_publicize_connections":[],"jetpack_featured_media_url":"","jetpack_sharing_enabled":true,"jetpack_shortlink":"https:\/\/wp.me\/sa0xBY-daycare","_links":{"self":[{"href":"https:\/\/www.alelu.com.br\/en\/wp-json\/wp\/v2\/posts\/1685","targetHints":{"allow":["GET"]}}],"collection":[{"href":"https:\/\/www.alelu.com.br\/en\/wp-json\/wp\/v2\/posts"}],"about":[{"href":"https:\/\/www.alelu.com.br\/en\/wp-json\/wp\/v2\/types\/post"}],"author":[{"embeddable":true,"href":"https:\/\/www.alelu.com.br\/en\/wp-json\/wp\/v2\/users\/1"}],"replies":[{"embeddable":true,"href":"https:\/\/www.alelu.com.br\/en\/wp-json\/wp\/v2\/comments?post=1685"}],"version-history":[{"count":1,"href":"https:\/\/www.alelu.com.br\/en\/wp-json\/wp\/v2\/posts\/1685\/revisions"}],"predecessor-version":[{"id":1690,"href":"https:\/\/www.alelu.com.br\/en\/wp-json\/wp\/v2\/posts\/1685\/revisions\/1690"}],"wp:attachment":[{"href":"https:\/\/www.alelu.com.br\/en\/wp-json\/wp\/v2\/media?parent=1685"}],"wp:term":[{"taxonomy":"category","embeddable":true,"href":"https:\/\/www.alelu.com.br\/en\/wp-json\/wp\/v2\/categories?post=1685"},{"taxonomy":"post_tag","embeddable":true,"href":"https:\/\/www.alelu.com.br\/en\/wp-json\/wp\/v2\/tags?post=1685"}],"curies":[{"name":"wp","href":"https:\/\/api.w.org\/{rel}","templated":true}]}}