{"id":1635,"date":"2019-03-19T11:41:50","date_gmt":"2019-03-19T14:41:50","guid":{"rendered":"http:\/\/www.alelu.com.br\/?p=1635"},"modified":"2019-03-19T11:57:09","modified_gmt":"2019-03-19T14:57:09","slug":"socializacao-canina","status":"publish","type":"post","link":"https:\/\/www.alelu.com.br\/en\/socializacao-canina\/","title":{"rendered":"Socializa\u00e7\u00e3o Canina"},"content":{"rendered":"<h1>Socializa\u00e7\u00e3o Canina<\/h1>\n<p>O per\u00edodo cr\u00edtico na vida do filhote chamado janela de socializa\u00e7\u00e3o acontece aproximadamente entre os 30 e os 120 dias de vida do animal. \u00c9 nesse per\u00edodo que o c\u00e3o deve ent\u00e3o ser estimulado \u00e0s mais diversas experi\u00eancias de forma controlada e positiva (sempre seguindo o protocolo de vacinas, vermifuga\u00e7\u00e3o e rem\u00e9dio de pulga e carrapato).<\/p>\n<p>Ele precisa ter contato com diferentes tipos de superf\u00edcie (piso frio, grama, concreto, areia, pedra, etc.), diferentes tipos de barulho (aspirador de p\u00f3, buzina, secador, liquidificador, roj\u00e3o, etc.), diferentes tipos de pessoas (altas, baixas, crian\u00e7as, adultos, idosos, diferentes etnias, vestes diferentes, etc.) e tudo mais que seja poss\u00edvel de se apresentar, preparando-o para a vida adulta na sociedade.<\/p>\n<p>A socializa\u00e7\u00e3o \u00e9 uma ferramenta de preven\u00e7\u00e3o, principalmente no que tange \u00e0 medo (neofobia); \u00e9 tornar o animal soci\u00e1vel e acostumado com os mais diversos est\u00edmulos a que estamos submetidos no dia a dia.<\/p>\n<p>Um c\u00e3o que n\u00e3o foi bem socializado pode desenvolver fobias, ter comportamentos compulsivos ou tornar-se agressivo com outros animais e pessoas.<\/p>","protected":false},"excerpt":{"rendered":"<p>Socializa\u00e7\u00e3o Canina O per\u00edodo cr\u00edtico na vida do filhote chamado janela de socializa\u00e7\u00e3o acontece aproximadamente entre os 30 e os 120 dias de vida do animal. \u00c9 nesse per\u00edodo que o c\u00e3o deve ent\u00e3o ser estimulado \u00e0s mais diversas experi\u00eancias de forma controlada e positiva (sempre seguindo o protocolo de vacinas, vermifuga\u00e7\u00e3o e rem\u00e9dio de&hellip; <a href=\"https:\/\/www.alelu.com.br\/en\/socializacao-canina\/\" class=\"more-link\">Continue reading <span class=\"screen-reader-text\">Socializa\u00e7\u00e3o Canina<\/span><\/a><\/p>","protected":false},"author":1,"featured_media":0,"comment_status":"closed","ping_status":"closed","sticky":false,"template":"","format":"standard","meta":{"_eb_attr":"","_jetpack_memberships_contains_paid_content":false,"footnotes":"","jetpack_publicize_message":"","jetpack_publicize_feature_enabled":true,"jetpack_social_post_already_shared":true,"jetpack_social_options":{"image_generator_settings":{"template":"highway","default_image_id":0,"font":"","enabled":false},"version":2}},"categories":[27],"tags":[],"class_list":["post-1635","post","type-post","status-publish","format-standard","hentry","category-dicas","without-featured-image"],"jetpack_publicize_connections":[],"jetpack_featured_media_url":"","jetpack_sharing_enabled":true,"jetpack_shortlink":"https:\/\/wp.me\/pa0xBY-qn","_links":{"self":[{"href":"https:\/\/www.alelu.com.br\/en\/wp-json\/wp\/v2\/posts\/1635","targetHints":{"allow":["GET"]}}],"collection":[{"href":"https:\/\/www.alelu.com.br\/en\/wp-json\/wp\/v2\/posts"}],"about":[{"href":"https:\/\/www.alelu.com.br\/en\/wp-json\/wp\/v2\/types\/post"}],"author":[{"embeddable":true,"href":"https:\/\/www.alelu.com.br\/en\/wp-json\/wp\/v2\/users\/1"}],"replies":[{"embeddable":true,"href":"https:\/\/www.alelu.com.br\/en\/wp-json\/wp\/v2\/comments?post=1635"}],"version-history":[{"count":2,"href":"https:\/\/www.alelu.com.br\/en\/wp-json\/wp\/v2\/posts\/1635\/revisions"}],"predecessor-version":[{"id":1655,"href":"https:\/\/www.alelu.com.br\/en\/wp-json\/wp\/v2\/posts\/1635\/revisions\/1655"}],"wp:attachment":[{"href":"https:\/\/www.alelu.com.br\/en\/wp-json\/wp\/v2\/media?parent=1635"}],"wp:term":[{"taxonomy":"category","embeddable":true,"href":"https:\/\/www.alelu.com.br\/en\/wp-json\/wp\/v2\/categories?post=1635"},{"taxonomy":"post_tag","embeddable":true,"href":"https:\/\/www.alelu.com.br\/en\/wp-json\/wp\/v2\/tags?post=1635"}],"curies":[{"name":"wp","href":"https:\/\/api.w.org\/{rel}","templated":true}]}}